{"id":732,"date":"2019-02-05T16:34:05","date_gmt":"2019-02-05T15:34:05","guid":{"rendered":"http:\/\/www.autoecoleclaix.fr\/web\/?p=732"},"modified":"2024-09-23T17:29:46","modified_gmt":"2024-09-23T15:29:46","slug":"stage-code-en-3-jours","status":"publish","type":"post","link":"https:\/\/www.autoecoleclaix.fr\/web\/2019\/02\/05\/stage-code-en-3-jours\/","title":{"rendered":"STAGE CODE EN 3 JOURS !!"},"content":{"rendered":"<p>Si vous tra\u00eenez pour passer votre code, ou si vous \u00eates press\u00e9s la solution est l\u00e0 :<\/p>\n<p><strong><span style=\"color: #ff00ff;\">CODE EN ACC\u00c9L\u00c9R\u00c9 3 JOURS avec PASSAGE DU CODE DANS LA FOUL\u00c9E !<\/span><\/strong><\/p>\n<p><strong>Lundi 25 + Mardi 26 + Mercredi 27 f\u00e9vrier 2019<\/strong><\/p>\n<p><strong>Examen Jeudi 28 f\u00e9vrier 2019<\/strong><\/p>\n<p>D\u00e9p\u00eachez-vous de r\u00e9server, nombre de places limit\u00e9es&#8230;<\/p>\n<p>On vous attend !<\/p>\n","protected":false},"excerpt":{"rendered":"<p>Si vous tra\u00eenez pour passer votre code, ou si vous \u00eates press\u00e9s la solution est l\u00e0 : CODE EN ACC\u00c9L\u00c9R\u00c9 3 JOURS avec PASSAGE DU CODE DANS LA FOUL\u00c9E ! Lundi 25 + Mardi 26 + Mercredi 27 f\u00e9vrier 2019 &hellip; <a class=\"kt-excerpt-readmore more-link\" href=\"https:\/\/www.autoecoleclaix.fr\/web\/2019\/02\/05\/stage-code-en-3-jours\/\">lire plus<\/a><\/p>\n","protected":false},"author":3,"featured_media":529,"comment_status":"closed","ping_status":"closed","sticky":false,"template":"","format":"standard","meta":{"footnotes":""},"categories":[34],"tags":[],"class_list":["post-732","post","type-post","status-publish","format-standard","has-post-thumbnail","hentry","category-code-de-la-route"],"_links":{"self":[{"href":"https:\/\/www.autoecoleclaix.fr\/web\/wp-json\/wp\/v2\/posts\/732","targetHints":{"allow":["GET"]}}],"collection":[{"href":"https:\/\/www.autoecoleclaix.fr\/web\/wp-json\/wp\/v2\/posts"}],"about":[{"href":"https:\/\/www.autoecoleclaix.fr\/web\/wp-json\/wp\/v2\/types\/post"}],"author":[{"embeddable":true,"href":"https:\/\/www.autoecoleclaix.fr\/web\/wp-json\/wp\/v2\/users\/3"}],"replies":[{"embeddable":true,"href":"https:\/\/www.autoecoleclaix.fr\/web\/wp-json\/wp\/v2\/comments?post=732"}],"version-history":[{"count":9,"href":"https:\/\/www.autoecoleclaix.fr\/web\/wp-json\/wp\/v2\/posts\/732\/revisions"}],"predecessor-version":[{"id":930,"href":"https:\/\/www.autoecoleclaix.fr\/web\/wp-json\/wp\/v2\/posts\/732\/revisions\/930"}],"wp:featuredmedia":[{"embeddable":true,"href":"https:\/\/www.autoecoleclaix.fr\/web\/wp-json\/wp\/v2\/media\/529"}],"wp:attachment":[{"href":"https:\/\/www.autoecoleclaix.fr\/web\/wp-json\/wp\/v2\/media?parent=732"}],"wp:term":[{"taxonomy":"category","embeddable":true,"href":"https:\/\/www.autoecoleclaix.fr\/web\/wp-json\/wp\/v2\/categories?post=732"},{"taxonomy":"post_tag","embeddable":true,"href":"https:\/\/www.autoecoleclaix.fr\/web\/wp-json\/wp\/v2\/tags?post=732"}],"curies":[{"name":"wp","href":"https:\/\/api.w.org\/{rel}","templated":true}]}}