{"id":729,"date":"2019-02-05T15:02:48","date_gmt":"2019-02-05T14:02:48","guid":{"rendered":"http:\/\/www.autoecoleclaix.fr\/web\/?p=729"},"modified":"2023-09-27T18:57:43","modified_gmt":"2023-09-27T16:57:43","slug":"attention-mise-a-jour-des-horaires-de-code-avec-moniteur","status":"publish","type":"post","link":"https:\/\/www.autoecoleclaix.fr\/web\/2019\/02\/05\/attention-mise-a-jour-des-horaires-de-code-avec-moniteur\/","title":{"rendered":"* ATTENTION : mise \u00e0 jour horaires code avec moniteur&#8230;"},"content":{"rendered":"<p>\u26a0 A compter de f\u00e9vrier 2019, quelques modifications dans les horaires avec moniteurs \ud83d\udd53&#8230;<\/p>\n<p>(Les plages horaires en acc\u00e8s libre restent inchang\u00e9es\ud83d\ude0a)<\/p>\n<div class=\"col-md-4\">\n<p>&nbsp;<\/p>\n<p><strong>Cours de code avec moniteur<\/strong><\/p>\n<p>D\u00e9but des s\u00e9ries \u00e0 heure pr\u00e9cise<\/p>\n<table>\n<tbody>\n<tr>\n<td>Lundi<\/td>\n<td>18h00\u2013&gt;19h00<\/td>\n<\/tr>\n<tr>\n<td>Mercredi<\/td>\n<td>13h00\u2013&gt;14h00<\/td>\n<\/tr>\n<\/tbody>\n<\/table>\n<\/div>\n<div class=\"col-md-4\">\n<p>&nbsp;<\/p>\n<p><strong>Tests avec correction moniteur<\/strong><\/p>\n<p>D\u00e9but des s\u00e9ries \u00e0 heure pr\u00e9cise<\/p>\n<table width=\"1138\">\n<tbody>\n<tr>\n<td><\/td>\n<td><\/td>\n<\/tr>\n<tr>\n<td>Mercredi<\/td>\n<td>18h00\u2013&gt;19h30<\/td>\n<\/tr>\n<tr>\n<td>Jeudi<\/td>\n<td>10h00\u2013&gt;11h30<\/td>\n<\/tr>\n<tr>\n<td>Vendredi<\/td>\n<td>17h30\u2013&gt;19h00<\/td>\n<\/tr>\n<tr>\n<td>Samedi<\/td>\n<td>11h30\u2013&gt;13h00<\/td>\n<\/tr>\n<\/tbody>\n<\/table>\n<\/div>\n<p>&nbsp;<\/p>\n","protected":false},"excerpt":{"rendered":"<p>\u26a0 A compter de f\u00e9vrier 2019, quelques modifications dans les horaires avec moniteurs \ud83d\udd53&#8230; (Les plages horaires en acc\u00e8s libre restent inchang\u00e9es\ud83d\ude0a) &nbsp; Cours de code avec moniteur D\u00e9but des s\u00e9ries \u00e0 heure pr\u00e9cise Lundi 18h00\u2013&gt;19h00 Mercredi 13h00\u2013&gt;14h00 &nbsp; Tests &hellip; <a class=\"kt-excerpt-readmore more-link\" href=\"https:\/\/www.autoecoleclaix.fr\/web\/2019\/02\/05\/attention-mise-a-jour-des-horaires-de-code-avec-moniteur\/\">lire plus<\/a><\/p>\n","protected":false},"author":3,"featured_media":605,"comment_status":"closed","ping_status":"closed","sticky":false,"template":"","format":"standard","meta":{"footnotes":""},"categories":[34],"tags":[],"class_list":["post-729","post","type-post","status-publish","format-standard","has-post-thumbnail","hentry","category-code-de-la-route"],"_links":{"self":[{"href":"https:\/\/www.autoecoleclaix.fr\/web\/wp-json\/wp\/v2\/posts\/729","targetHints":{"allow":["GET"]}}],"collection":[{"href":"https:\/\/www.autoecoleclaix.fr\/web\/wp-json\/wp\/v2\/posts"}],"about":[{"href":"https:\/\/www.autoecoleclaix.fr\/web\/wp-json\/wp\/v2\/types\/post"}],"author":[{"embeddable":true,"href":"https:\/\/www.autoecoleclaix.fr\/web\/wp-json\/wp\/v2\/users\/3"}],"replies":[{"embeddable":true,"href":"https:\/\/www.autoecoleclaix.fr\/web\/wp-json\/wp\/v2\/comments?post=729"}],"version-history":[{"count":6,"href":"https:\/\/www.autoecoleclaix.fr\/web\/wp-json\/wp\/v2\/posts\/729\/revisions"}],"predecessor-version":[{"id":895,"href":"https:\/\/www.autoecoleclaix.fr\/web\/wp-json\/wp\/v2\/posts\/729\/revisions\/895"}],"wp:featuredmedia":[{"embeddable":true,"href":"https:\/\/www.autoecoleclaix.fr\/web\/wp-json\/wp\/v2\/media\/605"}],"wp:attachment":[{"href":"https:\/\/www.autoecoleclaix.fr\/web\/wp-json\/wp\/v2\/media?parent=729"}],"wp:term":[{"taxonomy":"category","embeddable":true,"href":"https:\/\/www.autoecoleclaix.fr\/web\/wp-json\/wp\/v2\/categories?post=729"},{"taxonomy":"post_tag","embeddable":true,"href":"https:\/\/www.autoecoleclaix.fr\/web\/wp-json\/wp\/v2\/tags?post=729"}],"curies":[{"name":"wp","href":"https:\/\/api.w.org\/{rel}","templated":true}]}}