{"id":660,"date":"2018-09-27T11:19:02","date_gmt":"2018-09-27T09:19:02","guid":{"rendered":"http:\/\/www.autoecoleclaix.fr\/web\/?p=660"},"modified":"2023-09-27T18:54:59","modified_gmt":"2023-09-27T16:54:59","slug":"stage-code-en-3-jours-en-octobre","status":"publish","type":"post","link":"https:\/\/www.autoecoleclaix.fr\/web\/2018\/09\/27\/stage-code-en-3-jours-en-octobre\/","title":{"rendered":"STAGE CODE en 3 JOURS en OCTOBRE !"},"content":{"rendered":"<p>Lundi 22 + Mardi 23 + Mercredi 24 octobre : 3 journ\u00e9es intensives pour une possible pr\u00e9sentation d\u00e8s le vendredi 26 octobre !!<\/p>\n<p>ATTENTION, le nombre de places est limit\u00e9 et il faut compter environ 2 semaines pour valider votre dossier administratif. Ne tardez pas !<\/p>\n<p>Contactez-nous et venez nous rencontrer lors des ouvertures du bureau :\u00a0\/<a href=\"http:\/\/www.autoecoleclaix.fr\/web\/contactez-nous\/\">http:\/\/www.autoecoleclaix.fr\/web\/contactez-nous\/<\/a><\/p>\n","protected":false},"excerpt":{"rendered":"<p>Lundi 22 + Mardi 23 + Mercredi 24 octobre : 3 journ\u00e9es intensives pour une possible pr\u00e9sentation d\u00e8s le vendredi 26 octobre !! ATTENTION, le nombre de places est limit\u00e9 et il faut compter environ 2 semaines pour valider votre &hellip; <a class=\"kt-excerpt-readmore more-link\" href=\"https:\/\/www.autoecoleclaix.fr\/web\/2018\/09\/27\/stage-code-en-3-jours-en-octobre\/\">lire plus<\/a><\/p>\n","protected":false},"author":3,"featured_media":589,"comment_status":"closed","ping_status":"closed","sticky":false,"template":"","format":"image","meta":{"footnotes":""},"categories":[34],"tags":[],"class_list":["post-660","post","type-post","status-publish","format-image","has-post-thumbnail","hentry","category-code-de-la-route","post_format-post-format-image"],"_links":{"self":[{"href":"https:\/\/www.autoecoleclaix.fr\/web\/wp-json\/wp\/v2\/posts\/660","targetHints":{"allow":["GET"]}}],"collection":[{"href":"https:\/\/www.autoecoleclaix.fr\/web\/wp-json\/wp\/v2\/posts"}],"about":[{"href":"https:\/\/www.autoecoleclaix.fr\/web\/wp-json\/wp\/v2\/types\/post"}],"author":[{"embeddable":true,"href":"https:\/\/www.autoecoleclaix.fr\/web\/wp-json\/wp\/v2\/users\/3"}],"replies":[{"embeddable":true,"href":"https:\/\/www.autoecoleclaix.fr\/web\/wp-json\/wp\/v2\/comments?post=660"}],"version-history":[{"count":6,"href":"https:\/\/www.autoecoleclaix.fr\/web\/wp-json\/wp\/v2\/posts\/660\/revisions"}],"predecessor-version":[{"id":890,"href":"https:\/\/www.autoecoleclaix.fr\/web\/wp-json\/wp\/v2\/posts\/660\/revisions\/890"}],"wp:featuredmedia":[{"embeddable":true,"href":"https:\/\/www.autoecoleclaix.fr\/web\/wp-json\/wp\/v2\/media\/589"}],"wp:attachment":[{"href":"https:\/\/www.autoecoleclaix.fr\/web\/wp-json\/wp\/v2\/media?parent=660"}],"wp:term":[{"taxonomy":"category","embeddable":true,"href":"https:\/\/www.autoecoleclaix.fr\/web\/wp-json\/wp\/v2\/categories?post=660"},{"taxonomy":"post_tag","embeddable":true,"href":"https:\/\/www.autoecoleclaix.fr\/web\/wp-json\/wp\/v2\/tags?post=660"}],"curies":[{"name":"wp","href":"https:\/\/api.w.org\/{rel}","templated":true}]}}